{"id":736,"date":"2023-08-17T14:20:11","date_gmt":"2023-08-17T14:20:11","guid":{"rendered":"https:\/\/freunde-kk-bgd.de\/?p=736"},"modified":"2023-08-26T08:33:35","modified_gmt":"2023-08-26T08:33:35","slug":"jahreshauptversammlung-2023","status":"publish","type":"post","link":"https:\/\/freunde-kk-bgd.de\/?p=736","title":{"rendered":"Jahreshauptversammlung 2023"},"content":{"rendered":"\n<p>Krankenhausverein mit neuem Namen<\/p>\n\n\n\n<p>Mitgliederversammlung der Freunde der Kreisklinik Berchtesgaden \u2013 Satzungs\u00e4nderung war notwendig<br>Berchtesgaden \u2013 Der F\u00f6rderverein der Kreisklinik Berchtesgaden hielt seine Mitgliederversammlung in den R\u00e4umen der Fachklinik ab. Hierzu konnte die 1. Vorsitzende Dr. Ursula Reichelt neben Landrat Bernhard Kern und Vorstand Elisabeth Ulmer von der Kliniken S\u00fcdostbayern AG (KSOB) viele Beir\u00e4te und Mitglieder begr\u00fc\u00dfen.<\/p>\n\n\n\n<p>Landrat steht zu Konzept \u00bbKSOB 2.0\u00ab<\/p>\n\n\n\n<p>In seiner Rolle als Beiratsvorsitzender ging Landrat Bernhard Kern auf die Ver\u00e4nderungen der letzten Monate im Klinikverbund ein, die \u2013 wie er betonte \u2013 auch mit Emotionen verbunden waren. Das neue Klinikkonzept \u00bbKSOB 2.0\u00ab sieht er als Basis und Grundlage, um nun einen Weg f\u00fcr die n\u00e4chsten Jahre zu gehen. Er zeigte Verst\u00e4ndnis, dass Ver\u00e4nderungen oder der Wegfall von Leistungen an Standorten mit Entt\u00e4uschungen verbunden sind. Wichtig f\u00fcr ihn ist aber, dass die medizinische Grundversorgung im Berchtesgadener Land mit der Reform gesichert ist und alle sechs Standorte gehalten werden k\u00f6nnen. An der Neuentwicklung des Standortes Bad Reichenhall als Zentralklinik wird durch alle Gremien gearbeitet, Landrat und Kreistag stehen dahinter, betonte Kern. Er dankte allen Mitarbeiterinnen und Mitarbeitern f\u00fcr die gute geleistete Arbeit, gerade in den oft schweren Zeiten der vergangenen Jahre.<br>Klinikvorstand Elisabeth Ulmer f\u00fchrte in ihrem Gru\u00dfwort aus, dass der gesamte Klinikverbund vor allem in der Pandemie extrem gefordert war. Auch sie dankte hier ausdr\u00fccklich dem Personal: Qualit\u00e4t wird im Hause gro\u00dfgeschrieben und durch das Personal gelebt, so Ulmer. Derzeit werden rund 3 900 Personen besch\u00e4ftigt, davon 2 850 Vollzeitkr\u00e4fte. Ebenso bedankte sie sich bei allen niedergelassenen \u00c4rzten f\u00fcr die gute Zusammenarbeit, gerade in der Pandemie.<br>Zukunft bringt gro\u00dfe Herausforderungen<br>\u00bbAn die alte Zeit kann nicht mehr angekn\u00fcpft werden\u00ab, unterstrich Elisabeth Ulmer: Der Weg, den man 2009 im Klinikverbund eingeschlagen hat, war richtig. Die von Gesundheitsminister Karl Lauterbach angestrebte bundesweite Klinikreform zum 1. Januar 2024 wird den Verbund allerdings weiterhin fordern.<br>Zum Standort Berchtesgaden f\u00fchrte die Klinikvorst\u00e4ndin aus, dass das Haus mit den Standbeinen Akutgeriatrie, geriatrische und orthop\u00e4dische Reha, Schmerztherapie, der neuen endoskopischen Praxis und dem neu ert\u00fcchtigten MVZ sowie der auf acht Betten verkleinerten inneren Abteilung gut ausgelastet und aufgestellt ist. Es wird auch noch weiter investiert. Beim F\u00f6rderverein bedankte sich Ulmer f\u00fcr die gute Zusammenarbeit.<br>In ihrem Rechenschaftsbericht f\u00fcr das Vereinsjahr 2022 ging Dr. Ursula Reichelt auf die vom Verein finanzierte Reanimationspuppe ein, ebenso wurde die Pflege des Geriatriegartens gezahlt. Allerdings fand im Dezember wieder keine Weihnachtsvisite statt, sodass als Geschenk vom Verein Weihnachtskarten und kleine Engel verteilt wurden. Ausdr\u00fccklich bedankte sich Dr. Reichelt beim gesamten Klinikpersonal f\u00fcr dessen Arbeit und Einsatz f\u00fcr die Patienten.<br>Au\u00dferdem thematisierte die Vorsitzende die im Mai 2022 beschlossene Umwandlung der Kreisklinik in eine Fachklinik. Im Zuge dessen kam es zu einer Zusammenarbeit mit dem Klinik-F\u00f6rderverein des n\u00f6rdlichen Landkreises. Gemeinsam wurde ein B\u00fcrgerantrag gestellt mit der Forderung, die Notfallversorgung aufrechtzuerhalten, bis das Kreisklinikum Bad Reichenhall so weit aufgestellt ist, den ganzen Landkreis ad\u00e4quat versorgen zu k\u00f6nnen.<\/p>\n\n\n\n<p>R\u00fcckblick auf den B\u00fcrgerantrag<\/p>\n\n\n\n<p>Am 28. Oktober wurde der B\u00fcrgerantrag im Kreistag diskutiert, ein Rederecht bekamen die Antragsteller nicht. Die Diskussion war f\u00fcr Dr. Reichelt einem demokratischen Meinungsaustausch \u00bballes andere als w\u00fcrdig\u00ab. Sie betonte, in einer Demokratie kann man verschiedener Meinung sein, sollte aber wertsch\u00e4tzend und auf die Sache bezogen miteinander diskutieren.<br>Inzwischen bleibt festzustellen, dass alles z\u00fcgig so umgesetzt wurde, wie es von der Klinikleitung der KSOB geplant war, also eine Fachklinik und keine Notfallversorgung mehr in Berchtesgaden.<br>Die Vorsitzende ging au\u00dferdem auf die in den Medien geschilderte finanzielle Schieflage der KSOB ein, die trotz des Konzeptes \u00bbKSOB 2.0\u00ab sehr prek\u00e4r zu sein scheint. Interessant fand sie auch die Aussage des Traunsteiner Landrates Walch, der von bayernweiten Klinikschlie\u00dfungen ausgeht, aber Traunstein sei nicht betroffen. Auch ihr liegt eine medizinische Grundversorgung im Landkreis sehr am Herzen, sie sieht aber die Planungen f\u00fcr den Standort Bad Reichenhall aufgrund der finanziellen Lage eher kritisch.<br>In der folgenden Aussprache zu den vorangegangenen Berichten tauschten sich die anwesenden Politiker, Klinikvorstand, Beirats- und F\u00f6rdervereinsmitglieder nochmals \u00fcber ihre Standpunkte zur aktuellen Situation der KSOB, zum medizinischen Gesamtkonzept und der Situation der Notfallambulanz kontrovers aus.<br>Schatzmeisterin Ute Spiesberger konnte von geordneten Vereinsfinanzen 2022 berichten, was Rechnungspr\u00fcfer Michael Grie\u00dfer best\u00e4tigte. So wurde der Vorstand von der Mitgliederversammlung einstimmig entlastet.<br>Satzung ge\u00e4ndert<br>Breiten Raum nahmen die von Schriftf\u00fchrer Hermann Lochschmied vorgestellten Satzungs\u00e4nderungen ein. Nachdem der Name von \u00bbVerein der Freunde der Kreisklinik Berchtesgaden e. V.\u00ab in \u00bbFreunde der Fachklinik Berchtesgaden e. V.\u00ab ge\u00e4ndert werden muss, hatte sich die Vorstandschaft ausf\u00fchrlich mit der Satzung besch\u00e4ftigt und hierzu auch fachlichen Rat eingeholt. Diese wurde inhaltlich und redaktionell angepasst, die \u00c4nderungen einstimmig von der Mitgliederversammlung beschlossen. So kann zuk\u00fcnftig der Vorstand aus bis zu sieben beratenden Vorstandsmitgliedern bestehen und die Position des Schatzmeisters und Schriftf\u00fchrers in die Hand einer Person gelegt werden. Die Rolle des Beirats im Verein wurde komplett neu geregelt, was im Vorfeld mit den Beiratsmitgliedern abgestimmt wurde.<br>Schlie\u00dflich wurde noch das Ausscheiden von Dr. Klaus Esch aus pers\u00f6nlichen Gr\u00fcnden aus der Vorstandschaft des F\u00f6rdervereins bekannt gegeben. fb<\/p>\n\n\n\n<p><\/p>\n\n\n\n<figure class=\"wp-block-image size-large\"><img loading=\"lazy\" decoding=\"async\" width=\"338\" height=\"450\" src=\"https:\/\/freunde-kk-bgd.de\/wp-content\/uploads\/2023\/08\/JHV-KK-2023-1-338x450.jpg\" alt=\"\" class=\"wp-image-737\" srcset=\"https:\/\/freunde-kk-bgd.de\/wp-content\/uploads\/2023\/08\/JHV-KK-2023-1-338x450.jpg 338w, https:\/\/freunde-kk-bgd.de\/wp-content\/uploads\/2023\/08\/JHV-KK-2023-1-225x300.jpg 225w, https:\/\/freunde-kk-bgd.de\/wp-content\/uploads\/2023\/08\/JHV-KK-2023-1-768x1024.jpg 768w, https:\/\/freunde-kk-bgd.de\/wp-content\/uploads\/2023\/08\/JHV-KK-2023-1-1152x1536.jpg 1152w, https:\/\/freunde-kk-bgd.de\/wp-content\/uploads\/2023\/08\/JHV-KK-2023-1-1536x2048.jpg 1536w, https:\/\/freunde-kk-bgd.de\/wp-content\/uploads\/2023\/08\/JHV-KK-2023-1-scaled.jpg 1920w\" sizes=\"auto, (max-width: 338px) 100vw, 338px\" \/><\/figure>\n\n\n\n<p>Bildinformation: Die Vorsitzende Dr. Ursula Reichelt (r.) gratulierte im Rahmen der Versammlung ihrer Vorg\u00e4ngerin Dr. Ursel Deppisch-Roth nachtr\u00e4glich zu ihrem 80. Geburtstag. (Foto: privat);<\/p>\n","protected":false},"excerpt":{"rendered":"<p>Krankenhausverein mit neuem Namen Mitgliederversammlung der Freunde der Kreisklinik Berchtesgaden \u2013 Satzungs\u00e4nderung war notwendigBerchtesgaden \u2013 Der F\u00f6rderverein der Kreisklinik Berchtesgaden hielt seine Mitgliederversammlung in den R\u00e4umen der Fachklinik ab. Hierzu konnte die 1. Vorsitzende Dr. Ursula Reichelt neben Landrat Bernhard Kern und Vorstand Elisabeth Ulmer von der Kliniken S\u00fcdostbayern AG (KSOB) viele Beir\u00e4te und Mitglieder&hellip; <a class=\"more-link\" href=\"https:\/\/freunde-kk-bgd.de\/?p=736\"><span class=\"screen-reader-text\">Jahreshauptversammlung 2023<\/span> weiterlesen<\/a><\/p>\n","protected":false},"author":3,"featured_media":0,"comment_status":"closed","ping_status":"closed","sticky":false,"template":"","format":"aside","meta":{"footnotes":""},"categories":[10],"tags":[9],"class_list":["post-736","post","type-post","status-publish","format-aside","hentry","category-erreichtes","tag-erreichtes","post_format-post-format-aside","entry"],"yoast_head":"<!-- This site is optimized with the Yoast SEO plugin v27.5 - https:\/\/yoast.com\/product\/yoast-seo-wordpress\/ -->\n<title>Jahreshauptversammlung 2023 - Freunde der Fachklinik Berchtesgaden e.V.<\/title>\n<meta name=\"robots\" content=\"index, follow, max-snippet:-1, max-image-preview:large, max-video-preview:-1\" \/>\n<link rel=\"canonical\" href=\"https:\/\/freunde-kk-bgd.de\/?p=736\" \/>\n<meta property=\"og:locale\" content=\"de_DE\" \/>\n<meta property=\"og:type\" content=\"article\" \/>\n<meta property=\"og:title\" content=\"Jahreshauptversammlung 2023 - Freunde der Fachklinik Berchtesgaden e.V.\" \/>\n<meta property=\"og:description\" content=\"Krankenhausverein mit neuem Namen Mitgliederversammlung der Freunde der Kreisklinik Berchtesgaden \u2013 Satzungs\u00e4nderung war notwendigBerchtesgaden \u2013 Der F\u00f6rderverein der Kreisklinik Berchtesgaden hielt seine Mitgliederversammlung in den R\u00e4umen der Fachklinik ab. Hierzu konnte die 1. Vorsitzende Dr. Ursula Reichelt neben Landrat Bernhard Kern und Vorstand Elisabeth Ulmer von der Kliniken S\u00fcdostbayern AG (KSOB) viele Beir\u00e4te und Mitglieder&hellip; Jahreshauptversammlung 2023 weiterlesen\" \/>\n<meta property=\"og:url\" content=\"https:\/\/freunde-kk-bgd.de\/?p=736\" \/>\n<meta property=\"og:site_name\" content=\"Freunde der Fachklinik Berchtesgaden e.V.\" \/>\n<meta property=\"article:published_time\" content=\"2023-08-17T14:20:11+00:00\" \/>\n<meta property=\"article:modified_time\" content=\"2023-08-26T08:33:35+00:00\" \/>\n<meta property=\"og:image\" content=\"https:\/\/freunde-kk-bgd.de\/wp-content\/uploads\/2023\/08\/JHV-KK-2023-1-338x450.jpg\" \/>\n<meta name=\"author\" content=\"Anton Spitzer\" \/>\n<meta name=\"twitter:card\" content=\"summary_large_image\" \/>\n<meta name=\"twitter:label1\" content=\"Verfasst von\" \/>\n\t<meta name=\"twitter:data1\" content=\"Anton Spitzer\" \/>\n\t<meta name=\"twitter:label2\" content=\"Gesch\u00e4tzte Lesezeit\" \/>\n\t<meta name=\"twitter:data2\" content=\"4\u00a0Minuten\" \/>\n<script type=\"application\/ld+json\" class=\"yoast-schema-graph\">{\"@context\":\"https:\\\/\\\/schema.org\",\"@graph\":[{\"@type\":\"Article\",\"@id\":\"https:\\\/\\\/freunde-kk-bgd.de\\\/?p=736#article\",\"isPartOf\":{\"@id\":\"https:\\\/\\\/freunde-kk-bgd.de\\\/?p=736\"},\"author\":{\"name\":\"Anton Spitzer\",\"@id\":\"https:\\\/\\\/freunde-kk-bgd.de\\\/#\\\/schema\\\/person\\\/28038c3d5f3a21fdf342208622f59175\"},\"headline\":\"Jahreshauptversammlung 2023\",\"datePublished\":\"2023-08-17T14:20:11+00:00\",\"dateModified\":\"2023-08-26T08:33:35+00:00\",\"mainEntityOfPage\":{\"@id\":\"https:\\\/\\\/freunde-kk-bgd.de\\\/?p=736\"},\"wordCount\":888,\"publisher\":{\"@id\":\"https:\\\/\\\/freunde-kk-bgd.de\\\/#organization\"},\"image\":{\"@id\":\"https:\\\/\\\/freunde-kk-bgd.de\\\/?p=736#primaryimage\"},\"thumbnailUrl\":\"https:\\\/\\\/freunde-kk-bgd.de\\\/wp-content\\\/uploads\\\/2023\\\/08\\\/JHV-KK-2023-1-338x450.jpg\",\"keywords\":[\"Erreichtes\"],\"articleSection\":[\"Erreichtes\"],\"inLanguage\":\"de\"},{\"@type\":\"WebPage\",\"@id\":\"https:\\\/\\\/freunde-kk-bgd.de\\\/?p=736\",\"url\":\"https:\\\/\\\/freunde-kk-bgd.de\\\/?p=736\",\"name\":\"Jahreshauptversammlung 2023 - Freunde der Fachklinik Berchtesgaden e.V.\",\"isPartOf\":{\"@id\":\"https:\\\/\\\/freunde-kk-bgd.de\\\/#website\"},\"primaryImageOfPage\":{\"@id\":\"https:\\\/\\\/freunde-kk-bgd.de\\\/?p=736#primaryimage\"},\"image\":{\"@id\":\"https:\\\/\\\/freunde-kk-bgd.de\\\/?p=736#primaryimage\"},\"thumbnailUrl\":\"https:\\\/\\\/freunde-kk-bgd.de\\\/wp-content\\\/uploads\\\/2023\\\/08\\\/JHV-KK-2023-1-338x450.jpg\",\"datePublished\":\"2023-08-17T14:20:11+00:00\",\"dateModified\":\"2023-08-26T08:33:35+00:00\",\"breadcrumb\":{\"@id\":\"https:\\\/\\\/freunde-kk-bgd.de\\\/?p=736#breadcrumb\"},\"inLanguage\":\"de\",\"potentialAction\":[{\"@type\":\"ReadAction\",\"target\":[\"https:\\\/\\\/freunde-kk-bgd.de\\\/?p=736\"]}]},{\"@type\":\"ImageObject\",\"inLanguage\":\"de\",\"@id\":\"https:\\\/\\\/freunde-kk-bgd.de\\\/?p=736#primaryimage\",\"url\":\"https:\\\/\\\/freunde-kk-bgd.de\\\/wp-content\\\/uploads\\\/2023\\\/08\\\/JHV-KK-2023-1-scaled.jpg\",\"contentUrl\":\"https:\\\/\\\/freunde-kk-bgd.de\\\/wp-content\\\/uploads\\\/2023\\\/08\\\/JHV-KK-2023-1-scaled.jpg\",\"width\":1920,\"height\":2560},{\"@type\":\"BreadcrumbList\",\"@id\":\"https:\\\/\\\/freunde-kk-bgd.de\\\/?p=736#breadcrumb\",\"itemListElement\":[{\"@type\":\"ListItem\",\"position\":1,\"name\":\"Startseite\",\"item\":\"https:\\\/\\\/freunde-kk-bgd.de\\\/\"},{\"@type\":\"ListItem\",\"position\":2,\"name\":\"Jahreshauptversammlung 2023\"}]},{\"@type\":\"WebSite\",\"@id\":\"https:\\\/\\\/freunde-kk-bgd.de\\\/#website\",\"url\":\"https:\\\/\\\/freunde-kk-bgd.de\\\/\",\"name\":\"Freunde der Fachklinik Berchtesgaden e.V.\",\"description\":\"\",\"publisher\":{\"@id\":\"https:\\\/\\\/freunde-kk-bgd.de\\\/#organization\"},\"potentialAction\":[{\"@type\":\"SearchAction\",\"target\":{\"@type\":\"EntryPoint\",\"urlTemplate\":\"https:\\\/\\\/freunde-kk-bgd.de\\\/?s={search_term_string}\"},\"query-input\":{\"@type\":\"PropertyValueSpecification\",\"valueRequired\":true,\"valueName\":\"search_term_string\"}}],\"inLanguage\":\"de\"},{\"@type\":\"Organization\",\"@id\":\"https:\\\/\\\/freunde-kk-bgd.de\\\/#organization\",\"name\":\"Freunde der Fachklinik Berchtesgaden e.V., F\u00f6rderverein, Fachklinik, Berchtesgaden\",\"url\":\"https:\\\/\\\/freunde-kk-bgd.de\\\/\",\"logo\":{\"@type\":\"ImageObject\",\"inLanguage\":\"de\",\"@id\":\"https:\\\/\\\/freunde-kk-bgd.de\\\/#\\\/schema\\\/logo\\\/image\\\/\",\"url\":\"https:\\\/\\\/freunde-kk-bgd.de\\\/wp-content\\\/uploads\\\/2023\\\/08\\\/Logo_FK_BGD_eV.jpg\",\"contentUrl\":\"https:\\\/\\\/freunde-kk-bgd.de\\\/wp-content\\\/uploads\\\/2023\\\/08\\\/Logo_FK_BGD_eV.jpg\",\"width\":1276,\"height\":1363,\"caption\":\"Freunde der Fachklinik Berchtesgaden e.V., F\u00f6rderverein, Fachklinik, Berchtesgaden\"},\"image\":{\"@id\":\"https:\\\/\\\/freunde-kk-bgd.de\\\/#\\\/schema\\\/logo\\\/image\\\/\"}},{\"@type\":\"Person\",\"@id\":\"https:\\\/\\\/freunde-kk-bgd.de\\\/#\\\/schema\\\/person\\\/28038c3d5f3a21fdf342208622f59175\",\"name\":\"Anton Spitzer\",\"url\":\"https:\\\/\\\/freunde-kk-bgd.de\\\/?author=3\"}]}<\/script>\n<!-- \/ Yoast SEO plugin. -->","yoast_head_json":{"title":"Jahreshauptversammlung 2023 - Freunde der Fachklinik Berchtesgaden e.V.","robots":{"index":"index","follow":"follow","max-snippet":"max-snippet:-1","max-image-preview":"max-image-preview:large","max-video-preview":"max-video-preview:-1"},"canonical":"https:\/\/freunde-kk-bgd.de\/?p=736","og_locale":"de_DE","og_type":"article","og_title":"Jahreshauptversammlung 2023 - Freunde der Fachklinik Berchtesgaden e.V.","og_description":"Krankenhausverein mit neuem Namen Mitgliederversammlung der Freunde der Kreisklinik Berchtesgaden \u2013 Satzungs\u00e4nderung war notwendigBerchtesgaden \u2013 Der F\u00f6rderverein der Kreisklinik Berchtesgaden hielt seine Mitgliederversammlung in den R\u00e4umen der Fachklinik ab. Hierzu konnte die 1. Vorsitzende Dr. Ursula Reichelt neben Landrat Bernhard Kern und Vorstand Elisabeth Ulmer von der Kliniken S\u00fcdostbayern AG (KSOB) viele Beir\u00e4te und Mitglieder&hellip; Jahreshauptversammlung 2023 weiterlesen","og_url":"https:\/\/freunde-kk-bgd.de\/?p=736","og_site_name":"Freunde der Fachklinik Berchtesgaden e.V.","article_published_time":"2023-08-17T14:20:11+00:00","article_modified_time":"2023-08-26T08:33:35+00:00","og_image":[{"url":"https:\/\/freunde-kk-bgd.de\/wp-content\/uploads\/2023\/08\/JHV-KK-2023-1-338x450.jpg","type":"","width":"","height":""}],"author":"Anton Spitzer","twitter_card":"summary_large_image","twitter_misc":{"Verfasst von":"Anton Spitzer","Gesch\u00e4tzte Lesezeit":"4\u00a0Minuten"},"schema":{"@context":"https:\/\/schema.org","@graph":[{"@type":"Article","@id":"https:\/\/freunde-kk-bgd.de\/?p=736#article","isPartOf":{"@id":"https:\/\/freunde-kk-bgd.de\/?p=736"},"author":{"name":"Anton Spitzer","@id":"https:\/\/freunde-kk-bgd.de\/#\/schema\/person\/28038c3d5f3a21fdf342208622f59175"},"headline":"Jahreshauptversammlung 2023","datePublished":"2023-08-17T14:20:11+00:00","dateModified":"2023-08-26T08:33:35+00:00","mainEntityOfPage":{"@id":"https:\/\/freunde-kk-bgd.de\/?p=736"},"wordCount":888,"publisher":{"@id":"https:\/\/freunde-kk-bgd.de\/#organization"},"image":{"@id":"https:\/\/freunde-kk-bgd.de\/?p=736#primaryimage"},"thumbnailUrl":"https:\/\/freunde-kk-bgd.de\/wp-content\/uploads\/2023\/08\/JHV-KK-2023-1-338x450.jpg","keywords":["Erreichtes"],"articleSection":["Erreichtes"],"inLanguage":"de"},{"@type":"WebPage","@id":"https:\/\/freunde-kk-bgd.de\/?p=736","url":"https:\/\/freunde-kk-bgd.de\/?p=736","name":"Jahreshauptversammlung 2023 - Freunde der Fachklinik Berchtesgaden e.V.","isPartOf":{"@id":"https:\/\/freunde-kk-bgd.de\/#website"},"primaryImageOfPage":{"@id":"https:\/\/freunde-kk-bgd.de\/?p=736#primaryimage"},"image":{"@id":"https:\/\/freunde-kk-bgd.de\/?p=736#primaryimage"},"thumbnailUrl":"https:\/\/freunde-kk-bgd.de\/wp-content\/uploads\/2023\/08\/JHV-KK-2023-1-338x450.jpg","datePublished":"2023-08-17T14:20:11+00:00","dateModified":"2023-08-26T08:33:35+00:00","breadcrumb":{"@id":"https:\/\/freunde-kk-bgd.de\/?p=736#breadcrumb"},"inLanguage":"de","potentialAction":[{"@type":"ReadAction","target":["https:\/\/freunde-kk-bgd.de\/?p=736"]}]},{"@type":"ImageObject","inLanguage":"de","@id":"https:\/\/freunde-kk-bgd.de\/?p=736#primaryimage","url":"https:\/\/freunde-kk-bgd.de\/wp-content\/uploads\/2023\/08\/JHV-KK-2023-1-scaled.jpg","contentUrl":"https:\/\/freunde-kk-bgd.de\/wp-content\/uploads\/2023\/08\/JHV-KK-2023-1-scaled.jpg","width":1920,"height":2560},{"@type":"BreadcrumbList","@id":"https:\/\/freunde-kk-bgd.de\/?p=736#breadcrumb","itemListElement":[{"@type":"ListItem","position":1,"name":"Startseite","item":"https:\/\/freunde-kk-bgd.de\/"},{"@type":"ListItem","position":2,"name":"Jahreshauptversammlung 2023"}]},{"@type":"WebSite","@id":"https:\/\/freunde-kk-bgd.de\/#website","url":"https:\/\/freunde-kk-bgd.de\/","name":"Freunde der Fachklinik Berchtesgaden e.V.","description":"","publisher":{"@id":"https:\/\/freunde-kk-bgd.de\/#organization"},"potentialAction":[{"@type":"SearchAction","target":{"@type":"EntryPoint","urlTemplate":"https:\/\/freunde-kk-bgd.de\/?s={search_term_string}"},"query-input":{"@type":"PropertyValueSpecification","valueRequired":true,"valueName":"search_term_string"}}],"inLanguage":"de"},{"@type":"Organization","@id":"https:\/\/freunde-kk-bgd.de\/#organization","name":"Freunde der Fachklinik Berchtesgaden e.V., F\u00f6rderverein, Fachklinik, Berchtesgaden","url":"https:\/\/freunde-kk-bgd.de\/","logo":{"@type":"ImageObject","inLanguage":"de","@id":"https:\/\/freunde-kk-bgd.de\/#\/schema\/logo\/image\/","url":"https:\/\/freunde-kk-bgd.de\/wp-content\/uploads\/2023\/08\/Logo_FK_BGD_eV.jpg","contentUrl":"https:\/\/freunde-kk-bgd.de\/wp-content\/uploads\/2023\/08\/Logo_FK_BGD_eV.jpg","width":1276,"height":1363,"caption":"Freunde der Fachklinik Berchtesgaden e.V., F\u00f6rderverein, Fachklinik, Berchtesgaden"},"image":{"@id":"https:\/\/freunde-kk-bgd.de\/#\/schema\/logo\/image\/"}},{"@type":"Person","@id":"https:\/\/freunde-kk-bgd.de\/#\/schema\/person\/28038c3d5f3a21fdf342208622f59175","name":"Anton Spitzer","url":"https:\/\/freunde-kk-bgd.de\/?author=3"}]}},"publishpress_future_action":{"enabled":false,"date":"2026-05-07 01:44:24","action":"change-status","newStatus":"draft","terms":[],"taxonomy":"category","extraData":[]},"publishpress_future_workflow_manual_trigger":{"enabledWorkflows":[]},"_links":{"self":[{"href":"https:\/\/freunde-kk-bgd.de\/index.php?rest_route=\/wp\/v2\/posts\/736","targetHints":{"allow":["GET"]}}],"collection":[{"href":"https:\/\/freunde-kk-bgd.de\/index.php?rest_route=\/wp\/v2\/posts"}],"about":[{"href":"https:\/\/freunde-kk-bgd.de\/index.php?rest_route=\/wp\/v2\/types\/post"}],"author":[{"embeddable":true,"href":"https:\/\/freunde-kk-bgd.de\/index.php?rest_route=\/wp\/v2\/users\/3"}],"replies":[{"embeddable":true,"href":"https:\/\/freunde-kk-bgd.de\/index.php?rest_route=%2Fwp%2Fv2%2Fcomments&post=736"}],"version-history":[{"count":1,"href":"https:\/\/freunde-kk-bgd.de\/index.php?rest_route=\/wp\/v2\/posts\/736\/revisions"}],"predecessor-version":[{"id":738,"href":"https:\/\/freunde-kk-bgd.de\/index.php?rest_route=\/wp\/v2\/posts\/736\/revisions\/738"}],"wp:attachment":[{"href":"https:\/\/freunde-kk-bgd.de\/index.php?rest_route=%2Fwp%2Fv2%2Fmedia&parent=736"}],"wp:term":[{"taxonomy":"category","embeddable":true,"href":"https:\/\/freunde-kk-bgd.de\/index.php?rest_route=%2Fwp%2Fv2%2Fcategories&post=736"},{"taxonomy":"post_tag","embeddable":true,"href":"https:\/\/freunde-kk-bgd.de\/index.php?rest_route=%2Fwp%2Fv2%2Ftags&post=736"}],"curies":[{"name":"wp","href":"https:\/\/api.w.org\/{rel}","templated":true}]}}